{"id":6802,"date":"2026-04-28T09:00:07","date_gmt":"2026-04-28T07:00:07","guid":{"rendered":"https:\/\/stylux.net\/home\/?p=6802"},"modified":"2026-04-14T14:59:34","modified_gmt":"2026-04-14T12:59:34","slug":"hotel-excelsior-venice-lido-mito","status":"publish","type":"post","link":"https:\/\/stylux.net\/home\/hotel-excelsior-venice-lido-mito\/","title":{"rendered":"HOTEL EXCELSIOR VENICE LIDO RIACCENDE IL SUO MITO"},"content":{"rendered":"<h3 style=\"font-weight: 400;\">L\u2019UNICO HOTEL DI LUSSO DI VENEZIA CON SPIAGGIA PRIVATA E SEDE DELLA MOSTRA DEL CINEMA SIN DALLA SUA PRIMA EDIZIONE NEL 1932 RIPORTA IN VITA LA STORICA PALM COURT, ACCOGLIE IL RISTORANTE E POOL BAR AM\u00d9 VENICE E PRESENTA UN NUOVO DESIGN PER LE CAMERE<\/h3>\n<p>&nbsp;<\/p>\n<p style=\"font-weight: 400;\"><img loading=\"lazy\" decoding=\"async\" class=\"size-medium wp-image-6807 alignleft\" src=\"https:\/\/stylux.net\/wp-content\/uploads\/2026\/04\/EXCELSIOR_VENICE_JUN185645_A2_HIGH-300x198.jpg\" alt=\"Venice\" width=\"300\" height=\"198\" \/>C\u2019\u00e8 un\u2019immagine che, pi\u00f9 di ogni altra, definisce l\u2019idea di estate italiana nel mondo: un motoscafo che fende le acque della laguna veneziana, puntando dritto verso quelle inconfondibili cupole moresche che dominano il Lido. \u00c8 il rito del ritorno all\u2019<span style=\"color: #ff00ff;\"><strong><em>Hotel Excelsior Venice Lido<\/em><\/strong><\/span>, un luogo dove il fascino della Belle \u00c9poque incontra la brezza dell&#8217;Adriatico. Soggiornare qui non \u00e8 solo una scelta di ospitalit\u00e0, ma l&#8217;ingresso in una sceneggiatura vivente che, dal 1908, vede avvicendarsi i volti pi\u00f9 noti della storia globale.<br \/>\nIl <em><span style=\"color: #ff00ff;\">5 maggio<\/span><\/em> 2026, questa leggenda dell\u2019h\u00f4tellerie riaprir\u00e0 ufficialmente per la stagione, svelando quella che si preannuncia come la trasformazione pi\u00f9 significativa e ambiziosa degli ultimi anni. Un nuovo capitolo che promette di ridefinire, ancora una volta, il concetto di &#8220;destinazione&#8221; in Europa.<\/p>\n<p>&nbsp;<\/p>\n<p style=\"font-weight: 400;\"><span style=\"color: #ff00ff;\"><strong><em>Una metamorfosi nel segno del design<br \/>\n<\/em><\/strong><\/span>Sotto le sue iconiche iconiche cupole moresche, l\u2019ospitalit\u00e0 dell\u2019Excelsior si rinnova partendo dal cuore del soggiorno: le camere. Gli ospiti saranno accolti in una selezione di nuove camere e suite completamente trasformate, frutto di un ambizioso progetto che evolve la direzione stilistica inaugurata a fine 2025. Il risultato \u00e8 una reinterpretazione contemporanea del lusso mediterraneo, dove l\u2019estetica non \u00e8 solo forma, ma un\u2019esperienza sensoriale avvolgente. <img loading=\"lazy\" decoding=\"async\" class=\"size-medium wp-image-6804 alignright\" src=\"https:\/\/stylux.net\/wp-content\/uploads\/2026\/04\/New-PJS-Venice-View-\u00a9Hotel-Excelsior-2-300x200.jpg\" alt=\"Venice\" width=\"300\" height=\"200\" srcset=\"https:\/\/stylux.net\/wp-content\/uploads\/2026\/04\/New-PJS-Venice-View-\u00a9Hotel-Excelsior-2-300x200.jpg 300w, https:\/\/stylux.net\/wp-content\/uploads\/2026\/04\/New-PJS-Venice-View-\u00a9Hotel-Excelsior-2-1024x683.jpg 1024w, https:\/\/stylux.net\/wp-content\/uploads\/2026\/04\/New-PJS-Venice-View-\u00a9Hotel-Excelsior-2-768x512.jpg 768w, https:\/\/stylux.net\/wp-content\/uploads\/2026\/04\/New-PJS-Venice-View-\u00a9Hotel-Excelsior-2-1536x1024.jpg 1536w, https:\/\/stylux.net\/wp-content\/uploads\/2026\/04\/New-PJS-Venice-View-\u00a9Hotel-Excelsior-2-400x267.jpg 400w, https:\/\/stylux.net\/wp-content\/uploads\/2026\/04\/New-PJS-Venice-View-\u00a9Hotel-Excelsior-2-610x407.jpg 610w, https:\/\/stylux.net\/wp-content\/uploads\/2026\/04\/New-PJS-Venice-View-\u00a9Hotel-Excelsior-2-1080x720.jpg 1080w, https:\/\/stylux.net\/wp-content\/uploads\/2026\/04\/New-PJS-Venice-View-\u00a9Hotel-Excelsior-2-1280x853.jpg 1280w, https:\/\/stylux.net\/wp-content\/uploads\/2026\/04\/New-PJS-Venice-View-\u00a9Hotel-Excelsior-2-980x653.jpg 980w, https:\/\/stylux.net\/wp-content\/uploads\/2026\/04\/New-PJS-Venice-View-\u00a9Hotel-Excelsior-2-480x320.jpg 480w, https:\/\/stylux.net\/wp-content\/uploads\/2026\/04\/New-PJS-Venice-View-\u00a9Hotel-Excelsior-2.jpg 1920w\" sizes=\"(max-width: 300px) 100vw, 300px\" \/><br \/>\nL\u2019atmosfera gioca su palette cromatiche pi\u00f9 morbide e luminose, pensate per riflettere la luce unica del Lido e trasmettere un\u2019immediata sensazione di serenit\u00e0. Ogni dettaglio \u00e8 curato con precisione sartoriale, mettendo in scena un sapiente uso dell&#8217;artigianalit\u00e0 locale che dialoga armoniosamente con un design moderno e raffinato.<br \/>\nA fare da cornice a questo nuovo concept \u00e8 la maestosit\u00e0 del paesaggio: molte delle sistemazioni vantano infatti affacci spettacolari, regalando agli ospiti il privilegio di svegliarsi davanti all&#8217;infinito blu del Mare Adriatico o di perdersi nello sguardo verso il profilo iconico della laguna veneziana.<\/p>\n<p style=\"font-weight: 400;\"><span style=\"color: #ff00ff;\"><strong><em>La rinascita della Palm Court: un archivio vivente<br \/>\n<\/em><\/strong><\/span>Il cuore pulsante dell&#8217;hotel torna a battere nella\u00a0Palm Court, completamente restaurata. L\u2019ex lobby comune \u00e8 stata restituita alla sua funzione originaria: non pi\u00f9 semplice area di passaggio, ma centro sociale e culturale sofisticato. In questo spazio, l\u2019accoglienza si fa immersiva grazie a una collezione di\u00a0immagini d\u2019archivio. Attori, registi, regnanti e icone culturali che hanno varcato queste soglie dal 1908 a oggi decorano le pareti, offrendo un viaggio visivo nella storia del costume. \u00c8 un invito a entrare in una narrazione che continua a evolversi, celebrando il legame indissolubile tra la struttura e l&#8217;\u00e9lite mondiale.<\/p>\n<p><img loading=\"lazy\" decoding=\"async\" class=\"alignnone size-medium wp-image-6806\" src=\"https:\/\/stylux.net\/wp-content\/uploads\/2026\/04\/Premium-Panoramic-Suite-\u00a9Hotel-Excelsior-3-300x200.jpg\" alt=\"Venice\" width=\"300\" height=\"200\" srcset=\"https:\/\/stylux.net\/wp-content\/uploads\/2026\/04\/Premium-Panoramic-Suite-\u00a9Hotel-Excelsior-3-300x200.jpg 300w, https:\/\/stylux.net\/wp-content\/uploads\/2026\/04\/Premium-Panoramic-Suite-\u00a9Hotel-Excelsior-3-1024x683.jpg 1024w, https:\/\/stylux.net\/wp-content\/uploads\/2026\/04\/Premium-Panoramic-Suite-\u00a9Hotel-Excelsior-3-768x512.jpg 768w, https:\/\/stylux.net\/wp-content\/uploads\/2026\/04\/Premium-Panoramic-Suite-\u00a9Hotel-Excelsior-3-1536x1024.jpg 1536w, https:\/\/stylux.net\/wp-content\/uploads\/2026\/04\/Premium-Panoramic-Suite-\u00a9Hotel-Excelsior-3-2048x1365.jpg 2048w, https:\/\/stylux.net\/wp-content\/uploads\/2026\/04\/Premium-Panoramic-Suite-\u00a9Hotel-Excelsior-3-400x267.jpg 400w, https:\/\/stylux.net\/wp-content\/uploads\/2026\/04\/Premium-Panoramic-Suite-\u00a9Hotel-Excelsior-3-610x407.jpg 610w, https:\/\/stylux.net\/wp-content\/uploads\/2026\/04\/Premium-Panoramic-Suite-\u00a9Hotel-Excelsior-3-1080x720.jpg 1080w, https:\/\/stylux.net\/wp-content\/uploads\/2026\/04\/Premium-Panoramic-Suite-\u00a9Hotel-Excelsior-3-1280x854.jpg 1280w, https:\/\/stylux.net\/wp-content\/uploads\/2026\/04\/Premium-Panoramic-Suite-\u00a9Hotel-Excelsior-3-980x653.jpg 980w, https:\/\/stylux.net\/wp-content\/uploads\/2026\/04\/Premium-Panoramic-Suite-\u00a9Hotel-Excelsior-3-480x320.jpg 480w\" sizes=\"(max-width: 300px) 100vw, 300px\" \/>\u00a0 \u00a0 \u00a0 <img loading=\"lazy\" decoding=\"async\" class=\"alignnone size-medium wp-image-6805\" src=\"https:\/\/stylux.net\/wp-content\/uploads\/2026\/04\/Premium-Iconic-Suite-\u00a9Hotel-Excelsior-0-300x200.jpg\" alt=\"Venice\" width=\"300\" height=\"200\" srcset=\"https:\/\/stylux.net\/wp-content\/uploads\/2026\/04\/Premium-Iconic-Suite-\u00a9Hotel-Excelsior-0-300x200.jpg 300w, https:\/\/stylux.net\/wp-content\/uploads\/2026\/04\/Premium-Iconic-Suite-\u00a9Hotel-Excelsior-0-1024x683.jpg 1024w, https:\/\/stylux.net\/wp-content\/uploads\/2026\/04\/Premium-Iconic-Suite-\u00a9Hotel-Excelsior-0-768x512.jpg 768w, https:\/\/stylux.net\/wp-content\/uploads\/2026\/04\/Premium-Iconic-Suite-\u00a9Hotel-Excelsior-0-1536x1024.jpg 1536w, https:\/\/stylux.net\/wp-content\/uploads\/2026\/04\/Premium-Iconic-Suite-\u00a9Hotel-Excelsior-0-2048x1365.jpg 2048w, https:\/\/stylux.net\/wp-content\/uploads\/2026\/04\/Premium-Iconic-Suite-\u00a9Hotel-Excelsior-0-400x267.jpg 400w, https:\/\/stylux.net\/wp-content\/uploads\/2026\/04\/Premium-Iconic-Suite-\u00a9Hotel-Excelsior-0-610x407.jpg 610w, https:\/\/stylux.net\/wp-content\/uploads\/2026\/04\/Premium-Iconic-Suite-\u00a9Hotel-Excelsior-0-1080x720.jpg 1080w, https:\/\/stylux.net\/wp-content\/uploads\/2026\/04\/Premium-Iconic-Suite-\u00a9Hotel-Excelsior-0-1280x854.jpg 1280w, https:\/\/stylux.net\/wp-content\/uploads\/2026\/04\/Premium-Iconic-Suite-\u00a9Hotel-Excelsior-0-980x653.jpg 980w, https:\/\/stylux.net\/wp-content\/uploads\/2026\/04\/Premium-Iconic-Suite-\u00a9Hotel-Excelsior-0-480x320.jpg 480w\" sizes=\"(max-width: 300px) 100vw, 300px\" \/><\/p>\n<p style=\"font-weight: 400;\"><span style=\"color: #ff00ff;\"><strong><em>Am\u00f9 Venice: il nuovo &#8220;Place to Be&#8221;<br \/>\n<\/em><\/strong><\/span>La grande novit\u00e0 gastronomica del 2026 \u00e8 l&#8217;approdo di Am\u00f9 Venice. Dopo il successo sul rooftop del Fairmont Monte Carlo e sulla Costa del Sol, questo format signature arriva al Lido portando con s\u00e9 l\u2019eleganza tipica della Riviera.<br \/>\nNon si tratta di un semplice ristorante, ma di una destinazione multisensoriale che si snoda tra una spettacolare terrazza panoramica, un dinamico pool bar e un beach club esclusivo. Quest&#8217;ultimo avr\u00e0 l&#8217;onore di gestire le leggendarie 299 cabanas dell&#8217;hotel, vere e proprie icone di stile che punteggiano la spiaggia privata pi\u00f9 famosa d&#8217;Europa.<br \/>\nL&#8217;offerta gastronomica \u00e8 un inno alla freschezza e all&#8217;incontro tra culture: la filosofia culinaria di Am\u00f9 intreccia con sapienza le radici della Riviera francese \u2014 fatte di profumi agrumati e leggerezza \u2014 con le nobili tradizioni del Veneto, attingendo ai tesori della laguna e dell&#8217;orto. Affacciato direttamente sull&#8217;Adriatico, Am\u00f9 Venice si prepara a diventare il nuovo polo del gusto del resort, affiancando lo storico Blue Bar, da oltre un secolo rifugio dorato e segreto delle star internazionali.<\/p>\n<p style=\"font-weight: 400;\"><span style=\"color: #ff00ff;\"><strong><em>Oltre un secolo di Glamour: dalla Belle \u00c9poque a Hollywood<br \/>\n<\/em><\/strong><\/span>Fin dalla sua fondazione nel 1908, l&#8217;Excelsior ha riscritto le regole del prestigio. \u00c8 stato il rifugio di giganti della letteratura come John Steinbeck e statisti del calibro di Winston Churchill (che qui soggiorn\u00f2 con la famiglia negli anni \u201950). La sua silhouette, fatta di minareti e archi decorati, ha accolto il Duca e la Duchessa di Windsor, rendendo l&#8217;arrivo via acqua un rituale senza tempo. <img loading=\"lazy\" decoding=\"async\" class=\"size-medium wp-image-6810 alignright\" src=\"https:\/\/stylux.net\/wp-content\/uploads\/2026\/04\/beach-hotel-excelsior-2-300x214.jpg\" alt=\"\" width=\"300\" height=\"214\" \/><br \/>\nIl legame con la settima arte \u00e8 indissolubile: il 6 agosto 1932, proprio sulla terrazza dell&#8217;hotel, nacque la Mostra Internazionale d\u2019Arte Cinematografica. Da Greta Garbo e Clark Gable alle leggende del dopoguerra come Sophia Loren, Audrey Hepburn e Marcello Mastroianni, l&#8217;Excelsior \u00e8 stato palcoscenico e set. Fu qui che Sergio Leone gir\u00f2 l\u2019iconica scena del ristorante in C\u2019era una volta in America (nella splendida Sala Stucchi).<br \/>\nOggi, questa eredit\u00e0 continua: ogni agosto, star contemporanee come George Clooney, Sandra Bullock e Johnny Depp scelgono ancora queste mura come loro dimora durante il Festival.<\/p>\n<p style=\"font-weight: 400;\"><span style=\"color: #ff00ff;\"><em>Hotel Excelsior Venice Lido Resort<br \/>\n<\/em><\/span><em>Apertura stagionale: 5 maggio 2026.<\/em><br \/>\n<em>Tariffe: da \u20ac 385,00 (bassa stagione) a \u20ac 535,00 (alta stagione) a notte, colazione inclusa.<\/em><br \/>\n<em>Info e prenotazioni: hotelexcelsiorvenezia.com<\/em><\/p>\n","protected":false},"excerpt":{"rendered":"<p>L\u2019UNICO HOTEL DI LUSSO DI VENEZIA CON SPIAGGIA PRIVATA E SEDE DELLA MOSTRA DEL CINEMA SIN DALLA SUA PRIMA EDIZIONE NEL 1932 RIPORTA IN VITA LA STORICA PALM COURT, ACCOGLIE IL RISTORANTE E POOL BAR AM\u00d9 VENICE E PRESENTA UN NUOVO DESIGN PER LE CAMERE &nbsp; C\u2019\u00e8 un\u2019immagine che, pi\u00f9 di ogni altra, definisce l\u2019idea [&hellip;]<\/p>\n","protected":false},"author":4,"featured_media":6803,"comment_status":"closed","ping_status":"open","sticky":false,"template":"","format":"standard","meta":{"_et_pb_use_builder":"","_et_pb_old_content":"","_et_gb_content_width":"","footnotes":""},"categories":[38,22],"tags":[],"class_list":["post-6802","post","type-post","status-publish","format-standard","has-post-thumbnail","hentry","category-hospitality","category-travel"],"yoast_head":"<!-- This site is optimized with the Yoast SEO plugin v27.4 - https:\/\/yoast.com\/product\/yoast-seo-wordpress\/ -->\n<title>HOTEL EXCELSIOR VENICE LIDO RIACCENDE IL SUO MITO - Stylux<\/title>\n<meta name=\"description\" content=\"Hotel Excelsior Venice Lido Resort riapre il 5 maggio per la stagione con tante novit\u00e0 tra cui un nuovo design per camere e suite\" \/>\n<meta name=\"robots\" content=\"index, follow, max-snippet:-1, max-image-preview:large, max-video-preview:-1\" \/>\n<link rel=\"canonical\" href=\"https:\/\/stylux.net\/home\/hotel-excelsior-venice-lido-mito\/\" \/>\n<meta property=\"og:locale\" content=\"it_IT\" \/>\n<meta property=\"og:type\" content=\"article\" \/>\n<meta property=\"og:title\" content=\"HOTEL EXCELSIOR VENICE LIDO RIACCENDE IL SUO MITO - Stylux\" \/>\n<meta property=\"og:description\" content=\"Hotel Excelsior Venice Lido Resort riapre il 5 maggio per la stagione con tante novit\u00e0 tra cui un nuovo design per camere e suite\" \/>\n<meta property=\"og:url\" content=\"https:\/\/stylux.net\/home\/hotel-excelsior-venice-lido-mito\/\" \/>\n<meta property=\"og:site_name\" content=\"Stylux\" \/>\n<meta property=\"article:publisher\" content=\"https:\/\/www.facebook.com\/StyluxMagazine\" \/>\n<meta property=\"article:published_time\" content=\"2026-04-28T07:00:07+00:00\" \/>\n<meta property=\"og:image\" content=\"https:\/\/stylux.net\/wp-content\/uploads\/2026\/04\/Excelsior-Venice-2.jpg\" \/>\n\t<meta property=\"og:image:width\" content=\"1920\" \/>\n\t<meta property=\"og:image:height\" content=\"1012\" \/>\n\t<meta property=\"og:image:type\" content=\"image\/jpeg\" \/>\n<meta name=\"author\" content=\"Gabriella\" \/>\n<meta name=\"twitter:card\" content=\"summary_large_image\" \/>\n<meta name=\"twitter:creator\" content=\"@stylux_magazine\" \/>\n<meta name=\"twitter:site\" content=\"@stylux_magazine\" \/>\n<meta name=\"twitter:label1\" content=\"Scritto da\" \/>\n\t<meta name=\"twitter:data1\" content=\"Gabriella\" \/>\n\t<meta name=\"twitter:label2\" content=\"Tempo di lettura stimato\" \/>\n\t<meta name=\"twitter:data2\" content=\"6 minuti\" \/>\n<script type=\"application\/ld+json\" class=\"yoast-schema-graph\">{\"@context\":\"https:\\\/\\\/schema.org\",\"@graph\":[{\"@type\":\"Article\",\"@id\":\"https:\\\/\\\/stylux.net\\\/home\\\/hotel-excelsior-venice-lido-mito\\\/#article\",\"isPartOf\":{\"@id\":\"https:\\\/\\\/stylux.net\\\/home\\\/hotel-excelsior-venice-lido-mito\\\/\"},\"author\":{\"name\":\"Gabriella\",\"@id\":\"https:\\\/\\\/stylux.net\\\/home\\\/#\\\/schema\\\/person\\\/b3106f7a0fac695679b54ec183e8c398\"},\"headline\":\"HOTEL EXCELSIOR VENICE LIDO RIACCENDE IL SUO MITO\",\"datePublished\":\"2026-04-28T07:00:07+00:00\",\"mainEntityOfPage\":{\"@id\":\"https:\\\/\\\/stylux.net\\\/home\\\/hotel-excelsior-venice-lido-mito\\\/\"},\"wordCount\":825,\"publisher\":{\"@id\":\"https:\\\/\\\/stylux.net\\\/home\\\/#organization\"},\"image\":{\"@id\":\"https:\\\/\\\/stylux.net\\\/home\\\/hotel-excelsior-venice-lido-mito\\\/#primaryimage\"},\"thumbnailUrl\":\"https:\\\/\\\/stylux.net\\\/wp-content\\\/uploads\\\/2026\\\/04\\\/Excelsior-Venice-2.jpg\",\"articleSection\":[\"Hospitality\",\"Travel\"],\"inLanguage\":\"it-IT\"},{\"@type\":\"WebPage\",\"@id\":\"https:\\\/\\\/stylux.net\\\/home\\\/hotel-excelsior-venice-lido-mito\\\/\",\"url\":\"https:\\\/\\\/stylux.net\\\/home\\\/hotel-excelsior-venice-lido-mito\\\/\",\"name\":\"HOTEL EXCELSIOR VENICE LIDO RIACCENDE IL SUO MITO - Stylux\",\"isPartOf\":{\"@id\":\"https:\\\/\\\/stylux.net\\\/home\\\/#website\"},\"primaryImageOfPage\":{\"@id\":\"https:\\\/\\\/stylux.net\\\/home\\\/hotel-excelsior-venice-lido-mito\\\/#primaryimage\"},\"image\":{\"@id\":\"https:\\\/\\\/stylux.net\\\/home\\\/hotel-excelsior-venice-lido-mito\\\/#primaryimage\"},\"thumbnailUrl\":\"https:\\\/\\\/stylux.net\\\/wp-content\\\/uploads\\\/2026\\\/04\\\/Excelsior-Venice-2.jpg\",\"datePublished\":\"2026-04-28T07:00:07+00:00\",\"description\":\"Hotel Excelsior Venice Lido Resort riapre il 5 maggio per la stagione con tante novit\u00e0 tra cui un nuovo design per camere e suite\",\"breadcrumb\":{\"@id\":\"https:\\\/\\\/stylux.net\\\/home\\\/hotel-excelsior-venice-lido-mito\\\/#breadcrumb\"},\"inLanguage\":\"it-IT\",\"potentialAction\":[{\"@type\":\"ReadAction\",\"target\":[\"https:\\\/\\\/stylux.net\\\/home\\\/hotel-excelsior-venice-lido-mito\\\/\"]}]},{\"@type\":\"ImageObject\",\"inLanguage\":\"it-IT\",\"@id\":\"https:\\\/\\\/stylux.net\\\/home\\\/hotel-excelsior-venice-lido-mito\\\/#primaryimage\",\"url\":\"https:\\\/\\\/stylux.net\\\/wp-content\\\/uploads\\\/2026\\\/04\\\/Excelsior-Venice-2.jpg\",\"contentUrl\":\"https:\\\/\\\/stylux.net\\\/wp-content\\\/uploads\\\/2026\\\/04\\\/Excelsior-Venice-2.jpg\",\"width\":1920,\"height\":1012,\"caption\":\"Venice\"},{\"@type\":\"BreadcrumbList\",\"@id\":\"https:\\\/\\\/stylux.net\\\/home\\\/hotel-excelsior-venice-lido-mito\\\/#breadcrumb\",\"itemListElement\":[{\"@type\":\"ListItem\",\"position\":1,\"name\":\"Home\",\"item\":\"https:\\\/\\\/stylux.net\\\/home\\\/\"},{\"@type\":\"ListItem\",\"position\":2,\"name\":\"HOTEL EXCELSIOR VENICE LIDO RIACCENDE IL SUO MITO\"}]},{\"@type\":\"WebSite\",\"@id\":\"https:\\\/\\\/stylux.net\\\/home\\\/#website\",\"url\":\"https:\\\/\\\/stylux.net\\\/home\\\/\",\"name\":\"Stylux\",\"description\":\"The way to luxury\",\"publisher\":{\"@id\":\"https:\\\/\\\/stylux.net\\\/home\\\/#organization\"},\"alternateName\":\"Stylux\",\"potentialAction\":[{\"@type\":\"SearchAction\",\"target\":{\"@type\":\"EntryPoint\",\"urlTemplate\":\"https:\\\/\\\/stylux.net\\\/home\\\/?s={search_term_string}\"},\"query-input\":{\"@type\":\"PropertyValueSpecification\",\"valueRequired\":true,\"valueName\":\"search_term_string\"}}],\"inLanguage\":\"it-IT\"},{\"@type\":\"Organization\",\"@id\":\"https:\\\/\\\/stylux.net\\\/home\\\/#organization\",\"name\":\"Stylux The way to luxury\",\"alternateName\":\"Stylux\",\"url\":\"https:\\\/\\\/stylux.net\\\/home\\\/\",\"logo\":{\"@type\":\"ImageObject\",\"inLanguage\":\"it-IT\",\"@id\":\"https:\\\/\\\/stylux.net\\\/home\\\/#\\\/schema\\\/logo\\\/image\\\/\",\"url\":\"https:\\\/\\\/stylux.net\\\/wp-content\\\/uploads\\\/2025\\\/01\\\/cropped-Stylux-Magazine-logo-500x500-1.jpg\",\"contentUrl\":\"https:\\\/\\\/stylux.net\\\/wp-content\\\/uploads\\\/2025\\\/01\\\/cropped-Stylux-Magazine-logo-500x500-1.jpg\",\"width\":512,\"height\":512,\"caption\":\"Stylux The way to luxury\"},\"image\":{\"@id\":\"https:\\\/\\\/stylux.net\\\/home\\\/#\\\/schema\\\/logo\\\/image\\\/\"},\"sameAs\":[\"https:\\\/\\\/www.facebook.com\\\/StyluxMagazine\",\"https:\\\/\\\/x.com\\\/stylux_magazine\",\"https:\\\/\\\/www.instagram.com\\\/styluxnet\\\/\"]},{\"@type\":\"Person\",\"@id\":\"https:\\\/\\\/stylux.net\\\/home\\\/#\\\/schema\\\/person\\\/b3106f7a0fac695679b54ec183e8c398\",\"name\":\"Gabriella\",\"image\":{\"@type\":\"ImageObject\",\"inLanguage\":\"it-IT\",\"@id\":\"https:\\\/\\\/secure.gravatar.com\\\/avatar\\\/3515dfd4d97172d8606a2b3a0a23d8f60786d15ef20bc6cec952738f6ecd1b1c?s=96&d=mm&r=g\",\"url\":\"https:\\\/\\\/secure.gravatar.com\\\/avatar\\\/3515dfd4d97172d8606a2b3a0a23d8f60786d15ef20bc6cec952738f6ecd1b1c?s=96&d=mm&r=g\",\"contentUrl\":\"https:\\\/\\\/secure.gravatar.com\\\/avatar\\\/3515dfd4d97172d8606a2b3a0a23d8f60786d15ef20bc6cec952738f6ecd1b1c?s=96&d=mm&r=g\",\"caption\":\"Gabriella\"},\"url\":\"https:\\\/\\\/stylux.net\\\/home\\\/author\\\/gabriella\\\/\"}]}<\/script>\n<!-- \/ Yoast SEO plugin. -->","yoast_head_json":{"title":"HOTEL EXCELSIOR VENICE LIDO RIACCENDE IL SUO MITO - Stylux","description":"Hotel Excelsior Venice Lido Resort riapre il 5 maggio per la stagione con tante novit\u00e0 tra cui un nuovo design per camere e suite","robots":{"index":"index","follow":"follow","max-snippet":"max-snippet:-1","max-image-preview":"max-image-preview:large","max-video-preview":"max-video-preview:-1"},"canonical":"https:\/\/stylux.net\/home\/hotel-excelsior-venice-lido-mito\/","og_locale":"it_IT","og_type":"article","og_title":"HOTEL EXCELSIOR VENICE LIDO RIACCENDE IL SUO MITO - Stylux","og_description":"Hotel Excelsior Venice Lido Resort riapre il 5 maggio per la stagione con tante novit\u00e0 tra cui un nuovo design per camere e suite","og_url":"https:\/\/stylux.net\/home\/hotel-excelsior-venice-lido-mito\/","og_site_name":"Stylux","article_publisher":"https:\/\/www.facebook.com\/StyluxMagazine","article_published_time":"2026-04-28T07:00:07+00:00","og_image":[{"width":1920,"height":1012,"url":"https:\/\/stylux.net\/wp-content\/uploads\/2026\/04\/Excelsior-Venice-2.jpg","type":"image\/jpeg"}],"author":"Gabriella","twitter_card":"summary_large_image","twitter_creator":"@stylux_magazine","twitter_site":"@stylux_magazine","twitter_misc":{"Scritto da":"Gabriella","Tempo di lettura stimato":"6 minuti"},"schema":{"@context":"https:\/\/schema.org","@graph":[{"@type":"Article","@id":"https:\/\/stylux.net\/home\/hotel-excelsior-venice-lido-mito\/#article","isPartOf":{"@id":"https:\/\/stylux.net\/home\/hotel-excelsior-venice-lido-mito\/"},"author":{"name":"Gabriella","@id":"https:\/\/stylux.net\/home\/#\/schema\/person\/b3106f7a0fac695679b54ec183e8c398"},"headline":"HOTEL EXCELSIOR VENICE LIDO RIACCENDE IL SUO MITO","datePublished":"2026-04-28T07:00:07+00:00","mainEntityOfPage":{"@id":"https:\/\/stylux.net\/home\/hotel-excelsior-venice-lido-mito\/"},"wordCount":825,"publisher":{"@id":"https:\/\/stylux.net\/home\/#organization"},"image":{"@id":"https:\/\/stylux.net\/home\/hotel-excelsior-venice-lido-mito\/#primaryimage"},"thumbnailUrl":"https:\/\/stylux.net\/wp-content\/uploads\/2026\/04\/Excelsior-Venice-2.jpg","articleSection":["Hospitality","Travel"],"inLanguage":"it-IT"},{"@type":"WebPage","@id":"https:\/\/stylux.net\/home\/hotel-excelsior-venice-lido-mito\/","url":"https:\/\/stylux.net\/home\/hotel-excelsior-venice-lido-mito\/","name":"HOTEL EXCELSIOR VENICE LIDO RIACCENDE IL SUO MITO - Stylux","isPartOf":{"@id":"https:\/\/stylux.net\/home\/#website"},"primaryImageOfPage":{"@id":"https:\/\/stylux.net\/home\/hotel-excelsior-venice-lido-mito\/#primaryimage"},"image":{"@id":"https:\/\/stylux.net\/home\/hotel-excelsior-venice-lido-mito\/#primaryimage"},"thumbnailUrl":"https:\/\/stylux.net\/wp-content\/uploads\/2026\/04\/Excelsior-Venice-2.jpg","datePublished":"2026-04-28T07:00:07+00:00","description":"Hotel Excelsior Venice Lido Resort riapre il 5 maggio per la stagione con tante novit\u00e0 tra cui un nuovo design per camere e suite","breadcrumb":{"@id":"https:\/\/stylux.net\/home\/hotel-excelsior-venice-lido-mito\/#breadcrumb"},"inLanguage":"it-IT","potentialAction":[{"@type":"ReadAction","target":["https:\/\/stylux.net\/home\/hotel-excelsior-venice-lido-mito\/"]}]},{"@type":"ImageObject","inLanguage":"it-IT","@id":"https:\/\/stylux.net\/home\/hotel-excelsior-venice-lido-mito\/#primaryimage","url":"https:\/\/stylux.net\/wp-content\/uploads\/2026\/04\/Excelsior-Venice-2.jpg","contentUrl":"https:\/\/stylux.net\/wp-content\/uploads\/2026\/04\/Excelsior-Venice-2.jpg","width":1920,"height":1012,"caption":"Venice"},{"@type":"BreadcrumbList","@id":"https:\/\/stylux.net\/home\/hotel-excelsior-venice-lido-mito\/#breadcrumb","itemListElement":[{"@type":"ListItem","position":1,"name":"Home","item":"https:\/\/stylux.net\/home\/"},{"@type":"ListItem","position":2,"name":"HOTEL EXCELSIOR VENICE LIDO RIACCENDE IL SUO MITO"}]},{"@type":"WebSite","@id":"https:\/\/stylux.net\/home\/#website","url":"https:\/\/stylux.net\/home\/","name":"Stylux","description":"The way to luxury","publisher":{"@id":"https:\/\/stylux.net\/home\/#organization"},"alternateName":"Stylux","potentialAction":[{"@type":"SearchAction","target":{"@type":"EntryPoint","urlTemplate":"https:\/\/stylux.net\/home\/?s={search_term_string}"},"query-input":{"@type":"PropertyValueSpecification","valueRequired":true,"valueName":"search_term_string"}}],"inLanguage":"it-IT"},{"@type":"Organization","@id":"https:\/\/stylux.net\/home\/#organization","name":"Stylux The way to luxury","alternateName":"Stylux","url":"https:\/\/stylux.net\/home\/","logo":{"@type":"ImageObject","inLanguage":"it-IT","@id":"https:\/\/stylux.net\/home\/#\/schema\/logo\/image\/","url":"https:\/\/stylux.net\/wp-content\/uploads\/2025\/01\/cropped-Stylux-Magazine-logo-500x500-1.jpg","contentUrl":"https:\/\/stylux.net\/wp-content\/uploads\/2025\/01\/cropped-Stylux-Magazine-logo-500x500-1.jpg","width":512,"height":512,"caption":"Stylux The way to luxury"},"image":{"@id":"https:\/\/stylux.net\/home\/#\/schema\/logo\/image\/"},"sameAs":["https:\/\/www.facebook.com\/StyluxMagazine","https:\/\/x.com\/stylux_magazine","https:\/\/www.instagram.com\/styluxnet\/"]},{"@type":"Person","@id":"https:\/\/stylux.net\/home\/#\/schema\/person\/b3106f7a0fac695679b54ec183e8c398","name":"Gabriella","image":{"@type":"ImageObject","inLanguage":"it-IT","@id":"https:\/\/secure.gravatar.com\/avatar\/3515dfd4d97172d8606a2b3a0a23d8f60786d15ef20bc6cec952738f6ecd1b1c?s=96&d=mm&r=g","url":"https:\/\/secure.gravatar.com\/avatar\/3515dfd4d97172d8606a2b3a0a23d8f60786d15ef20bc6cec952738f6ecd1b1c?s=96&d=mm&r=g","contentUrl":"https:\/\/secure.gravatar.com\/avatar\/3515dfd4d97172d8606a2b3a0a23d8f60786d15ef20bc6cec952738f6ecd1b1c?s=96&d=mm&r=g","caption":"Gabriella"},"url":"https:\/\/stylux.net\/home\/author\/gabriella\/"}]}},"_links":{"self":[{"href":"https:\/\/stylux.net\/home\/wp-json\/wp\/v2\/posts\/6802","targetHints":{"allow":["GET"]}}],"collection":[{"href":"https:\/\/stylux.net\/home\/wp-json\/wp\/v2\/posts"}],"about":[{"href":"https:\/\/stylux.net\/home\/wp-json\/wp\/v2\/types\/post"}],"author":[{"embeddable":true,"href":"https:\/\/stylux.net\/home\/wp-json\/wp\/v2\/users\/4"}],"replies":[{"embeddable":true,"href":"https:\/\/stylux.net\/home\/wp-json\/wp\/v2\/comments?post=6802"}],"version-history":[{"count":2,"href":"https:\/\/stylux.net\/home\/wp-json\/wp\/v2\/posts\/6802\/revisions"}],"predecessor-version":[{"id":6811,"href":"https:\/\/stylux.net\/home\/wp-json\/wp\/v2\/posts\/6802\/revisions\/6811"}],"wp:featuredmedia":[{"embeddable":true,"href":"https:\/\/stylux.net\/home\/wp-json\/wp\/v2\/media\/6803"}],"wp:attachment":[{"href":"https:\/\/stylux.net\/home\/wp-json\/wp\/v2\/media?parent=6802"}],"wp:term":[{"taxonomy":"category","embeddable":true,"href":"https:\/\/stylux.net\/home\/wp-json\/wp\/v2\/categories?post=6802"},{"taxonomy":"post_tag","embeddable":true,"href":"https:\/\/stylux.net\/home\/wp-json\/wp\/v2\/tags?post=6802"}],"curies":[{"name":"wp","href":"https:\/\/api.w.org\/{rel}","templated":true}]}}